{"id":41601,"date":"2026-09-01T12:04:44","date_gmt":"2026-09-01T17:04:44","guid":{"rendered":"https:\/\/spawellnessmexico.com\/?p=41601"},"modified":"2026-09-01T12:04:44","modified_gmt":"2026-09-01T17:04:44","slug":"una-nueva-era-para-el-bienestar-global-informa-adquiere-la-cumbre-global-del-bienestar-y-el-instituto-global-del-bienestar","status":"publish","type":"post","link":"https:\/\/spawellnessmexico.com\/es\/blog-es\/41601\/una-nueva-era-para-el-bienestar-global-informa-adquiere-la-cumbre-global-del-bienestar-y-el-instituto-global-del-bienestar\/","title":{"rendered":"Una nueva era para el bienestar global: Informa adquiere la Cumbre Global del Bienestar y el Instituto Global del Bienestar"},"content":{"rendered":"<p>Esta semana lleg\u00f3 una noticia de \u00faltima hora a la comunidad internacional del bienestar: la Cumbre Global del Bienestar (GWS) y el Instituto Global del Bienestar (GWI) &#8211; organizaciones que han moldeado, evaluado y promovido la econom\u00eda global del bienestar durante casi dos d\u00e9cadas &#8211; han sido adquiridas por Informa, el grupo internacional con sede en Londres dedicado a eventos, servicios digitales e investigaci\u00f3n acad\u00e9mica.<\/p>\n<p><img fetchpriority=\"high\" decoding=\"async\" class=\"size-full wp-image-34533 alignleft\" src=\"https:\/\/spawellnessmexico.com\/wp-content\/uploads\/2024\/11\/Susie.webp\" alt=\"\" width=\"450\" height=\"300\" srcset=\"https:\/\/spawellnessmexico.com\/wp-content\/uploads\/2024\/11\/Susie.webp 450w, https:\/\/spawellnessmexico.com\/wp-content\/uploads\/2024\/11\/Susie-300x200.webp 300w\" sizes=\"(max-width: 450px) 100vw, 450px\" \/>El anuncio lo hizo directamente Susie Ellis, presidenta y directora ejecutiva de la Cumbre Global del Bienestar e impulsora de ambas organizaciones desde sus inicios. \u201cCrear y dirigir la Cumbre Global del Bienestar y el Instituto Global del Bienestar ha sido mi pasi\u00f3n durante tantos a\u00f1os\u201d, comparti\u00f3 Ellis en una carta dirigida a la comunidad global del bienestar. \u201cSin embargo, era inevitable que tuviera que elaborar un plan de sucesi\u00f3n, y ese momento ha llegado\u201d.<\/p>\n<p>&nbsp;<\/p>\n<p><strong>\u00bfQui\u00e9n es Informa?<\/strong><br \/>\nInforma es una importante empresa que cotiza en bolsa, con oficinas en m\u00e1s de 30 pa\u00edses, y un actor clave en los \u00e1mbitos de la medicina, la longevidad y la est\u00e9tica. A medida que la empresa va construyendo un \u2018ecosistema\u2019 de salud completo, incorporar el bienestar a su portafolio era el siguiente paso l\u00f3gico: un reconocimiento de la magnitud e impacto de la econom\u00eda del bienestar, que los propios estudios de GWI han contribuido a cuantificar en gran medida.<\/p>\n<p>El momento parece especialmente oportuno. Como se\u00f1al\u00f3 Ellis, la medicina y el bienestar est\u00e1n cada vez m\u00e1s entrelazados, y prevenci\u00f3n, longevidad y salud integral de las personas forman parte, cada vez m\u00e1s, de un mismo debate. Para la industria del spa y el bienestar &#8211; tanto aqu\u00ed, en el Caribe mexicano, como en el resto del mundo -, esa convergencia est\u00e1 redefiniendo las expectativas de los hu\u00e9spedes y lo que nuestras empresas pueden ofrecer.<\/p>\n<p>&nbsp;<\/p>\n<p><strong>\u00bfQu\u00e9 se mantiene y qu\u00e9 cambiar\u00e1?<\/strong><br \/>\n<img decoding=\"async\" class=\"wp-image-38700 alignright\" src=\"https:\/\/spawellnessmexico.com\/wp-content\/uploads\/2025\/11\/GWS-2025-Day-1-Nancy.webp\" alt=\"\" width=\"500\" height=\"300\" srcset=\"https:\/\/spawellnessmexico.com\/wp-content\/uploads\/2025\/11\/GWS-2025-Day-1-Nancy.webp 1000w, https:\/\/spawellnessmexico.com\/wp-content\/uploads\/2025\/11\/GWS-2025-Day-1-Nancy-300x180.webp 300w, https:\/\/spawellnessmexico.com\/wp-content\/uploads\/2025\/11\/GWS-2025-Day-1-Nancy-768x461.webp 768w\" sizes=\"(max-width: 500px) 100vw, 500px\" \/>Lo m\u00e1s importante es que las marcas, la visi\u00f3n y el equipo de Global Wellness se mantienen intactos. Lo que cambia es la escala: Informa aporta infraestructura, alcance as\u00ed como activos y p\u00fablicos que nunca antes se hab\u00edan combinado, prometiendo nuevas oportunidades para delegados, patrocinadores, socios y la comunidad del bienestar en general.<\/p>\n<p>La transici\u00f3n tambi\u00e9n marca un relevo generacional. Nancy Davis &#8211; durante muchos a\u00f1os la art\u00edfice creativa y directora de las organizaciones y sus eventos &#8211; dirigir\u00e1 The Global Wellness Group dentro de la Divisi\u00f3n M\u00e9dica de Informa a partir del 1 de enero de 2027. Ser\u00e1 entonces cuando Ellis dejar\u00e1 su cargo para pasar m\u00e1s tiempo con su marido, Peter, y su familia.<\/p>\n<p>Como ha se\u00f1alado Davis: si GWS ha contribuido a liderar la evoluci\u00f3n del bienestar durante los \u00faltimos 20 a\u00f1os, ahora, junto con Informa, se presenta una oportunidad extraordinaria para liderar lo que vendr\u00e1 despu\u00e9s, con eventos, formaci\u00f3n e investigaci\u00f3n a una escala totalmente nueva.<\/p>\n<p>&nbsp;<\/p>\n<p><strong>Una cumbre hist\u00f3rica en Phuket<\/strong><br \/>\n<img decoding=\"async\" class=\"wp-image-38660 alignleft\" src=\"https:\/\/spawellnessmexico.com\/wp-content\/uploads\/2025\/11\/GWS-2026.webp\" alt=\"\" width=\"500\" height=\"300\" srcset=\"https:\/\/spawellnessmexico.com\/wp-content\/uploads\/2025\/11\/GWS-2026.webp 1000w, https:\/\/spawellnessmexico.com\/wp-content\/uploads\/2025\/11\/GWS-2026-300x180.webp 300w, https:\/\/spawellnessmexico.com\/wp-content\/uploads\/2025\/11\/GWS-2026-768x461.webp 768w\" sizes=\"(max-width: 500px) 100vw, 500px\" \/>Esta noticia confiere un significado especial a la 20.\u00aa edici\u00f3n de la Cumbre Global del Bienestar, que se celebrar\u00e1 del 10 al 13 de noviembre en Phuket, Tailandia. Los delegados tendr\u00e1n la oportunidad de reunirse con los l\u00edderes de Informa, conocer m\u00e1s detalles sobre el camino que nos espera y celebrar dos d\u00e9cadas de una industria &#8211; y un movimiento &#8211; que Susie Ellis ayud\u00f3 a construir desde cero.<\/p>\n<p>De parte de todo el equipo de Spa &amp; Wellness MexiCaribe: felicidades a Susie, a Nancy y a todo el equipo de Global Wellness. Brindemos por el pr\u00f3ximo cap\u00edtulo: m\u00e1s brillante, m\u00e1s grande y m\u00e1s audaz.<\/p>\n<p><a href=\"https:\/\/www.globalwellnessinstitute.org\" target=\"_blank\" rel=\"noopener\">www.globalwellnessinstitute.org<\/a> \/ <a href=\"https:\/\/www.globalwellnesssummit.com\" target=\"_blank\" rel=\"noopener\">www.globalwellnesssummit.com<\/a> \/ <a href=\"https:\/\/www.informa.com\" target=\"_blank\" rel=\"noopener\">www.informa.com<\/a><\/p>\n<p>&nbsp;<\/p>\n<p>Por Sara Jones, editora<\/p>\n","protected":false},"excerpt":{"rendered":"<p>Esta semana lleg\u00f3 una noticia de \u00faltima hora a la comunidad internacional del bienestar: la Cumbre Global del Bienestar (GWS) y el Instituto Global del Bienestar (GWI) &#8211; organizaciones que han moldeado, evaluado y promovido la econom\u00eda global del bienestar durante casi dos d\u00e9cadas &#8211; han sido adquiridas por Informa, el grupo internacional con sede [&hellip;]<\/p>\n","protected":false},"author":5,"featured_media":41597,"comment_status":"closed","ping_status":"closed","sticky":false,"template":"","format":"standard","meta":{"_acf_changed":false,"footnotes":""},"categories":[2190],"tags":[],"class_list":["post-41601","post","type-post","status-publish","format-standard","has-post-thumbnail","hentry","category-blog-es"],"acf":[],"yoast_head":"<!-- This site is optimized with the Yoast SEO plugin v28.4 - https:\/\/yoast.com\/product\/yoast-seo-wordpress\/ -->\n<title>Una nueva era para el bienestar global: Informa adquiere la Cumbre Global del Bienestar y el Instituto Global del Bienestar - Spa &amp; Wellness MexiCaribe<\/title>\n<meta name=\"robots\" content=\"index, follow, max-snippet:-1, max-image-preview:large, max-video-preview:-1\" \/>\n<link rel=\"canonical\" href=\"https:\/\/spawellnessmexico.com\/es\/blog-es\/41601\/una-nueva-era-para-el-bienestar-global-informa-adquiere-la-cumbre-global-del-bienestar-y-el-instituto-global-del-bienestar\/\" \/>\n<meta property=\"og:locale\" content=\"es_ES\" \/>\n<meta property=\"og:type\" content=\"article\" \/>\n<meta property=\"og:title\" content=\"Una nueva era para el bienestar global: Informa adquiere la Cumbre Global del Bienestar y el Instituto Global del Bienestar - Spa &amp; Wellness MexiCaribe\" \/>\n<meta property=\"og:description\" content=\"Esta semana lleg\u00f3 una noticia de \u00faltima hora a la comunidad internacional del bienestar: la Cumbre Global del Bienestar (GWS) y el Instituto Global\" \/>\n<meta property=\"og:url\" content=\"https:\/\/spawellnessmexico.com\/es\/blog-es\/41601\/una-nueva-era-para-el-bienestar-global-informa-adquiere-la-cumbre-global-del-bienestar-y-el-instituto-global-del-bienestar\/\" \/>\n<meta property=\"og:site_name\" content=\"Spa &amp; Wellness MexiCaribe\" \/>\n<meta property=\"article:published_time\" content=\"2026-09-01T17:04:44+00:00\" \/>\n<meta property=\"og:image\" content=\"https:\/\/spawellnessmexico.com\/wp-content\/uploads\/2026\/09\/informa-acquires-GWS-GWI-1.webp\" \/>\n\t<meta property=\"og:image:width\" content=\"1532\" \/>\n\t<meta property=\"og:image:height\" content=\"640\" \/>\n\t<meta property=\"og:image:type\" content=\"image\/webp\" \/>\n<meta name=\"author\" content=\"Fabiola\" \/>\n<meta name=\"twitter:card\" content=\"summary_large_image\" \/>\n<meta name=\"twitter:label1\" content=\"Escrito por\" \/>\n\t<meta name=\"twitter:data1\" content=\"Fabiola\" \/>\n\t<meta name=\"twitter:label2\" content=\"Tiempo de lectura\" \/>\n\t<meta name=\"twitter:data2\" content=\"4 minutos\" \/>\n<script type=\"application\/ld+json\" class=\"yoast-schema-graph\">{\"@context\":\"https:\\\/\\\/schema.org\",\"@graph\":[{\"@type\":\"Article\",\"@id\":\"https:\\\/\\\/spawellnessmexico.com\\\/es\\\/blog-es\\\/41601\\\/una-nueva-era-para-el-bienestar-global-informa-adquiere-la-cumbre-global-del-bienestar-y-el-instituto-global-del-bienestar\\\/#article\",\"isPartOf\":{\"@id\":\"https:\\\/\\\/spawellnessmexico.com\\\/es\\\/blog-es\\\/41601\\\/una-nueva-era-para-el-bienestar-global-informa-adquiere-la-cumbre-global-del-bienestar-y-el-instituto-global-del-bienestar\\\/\"},\"author\":{\"name\":\"Fabiola\",\"@id\":\"https:\\\/\\\/spawellnessmexico.com\\\/es\\\/#\\\/schema\\\/person\\\/46d1b27e1e82f535658ced6aa4ebae47\"},\"headline\":\"Una nueva era para el bienestar global: Informa adquiere la Cumbre Global del Bienestar y el Instituto Global del Bienestar\",\"datePublished\":\"2026-09-01T17:04:44+00:00\",\"mainEntityOfPage\":{\"@id\":\"https:\\\/\\\/spawellnessmexico.com\\\/es\\\/blog-es\\\/41601\\\/una-nueva-era-para-el-bienestar-global-informa-adquiere-la-cumbre-global-del-bienestar-y-el-instituto-global-del-bienestar\\\/\"},\"wordCount\":649,\"publisher\":{\"@id\":\"https:\\\/\\\/spawellnessmexico.com\\\/es\\\/#organization\"},\"image\":{\"@id\":\"https:\\\/\\\/spawellnessmexico.com\\\/es\\\/blog-es\\\/41601\\\/una-nueva-era-para-el-bienestar-global-informa-adquiere-la-cumbre-global-del-bienestar-y-el-instituto-global-del-bienestar\\\/#primaryimage\"},\"thumbnailUrl\":\"https:\\\/\\\/spawellnessmexico.com\\\/wp-content\\\/uploads\\\/2026\\\/09\\\/informa-acquires-GWS-GWI-1.webp\",\"articleSection\":[\"Blog\"],\"inLanguage\":\"es\"},{\"@type\":\"WebPage\",\"@id\":\"https:\\\/\\\/spawellnessmexico.com\\\/es\\\/blog-es\\\/41601\\\/una-nueva-era-para-el-bienestar-global-informa-adquiere-la-cumbre-global-del-bienestar-y-el-instituto-global-del-bienestar\\\/\",\"url\":\"https:\\\/\\\/spawellnessmexico.com\\\/es\\\/blog-es\\\/41601\\\/una-nueva-era-para-el-bienestar-global-informa-adquiere-la-cumbre-global-del-bienestar-y-el-instituto-global-del-bienestar\\\/\",\"name\":\"Una nueva era para el bienestar global: Informa adquiere la Cumbre Global del Bienestar y el Instituto Global del Bienestar - Spa &amp; Wellness MexiCaribe\",\"isPartOf\":{\"@id\":\"https:\\\/\\\/spawellnessmexico.com\\\/es\\\/#website\"},\"primaryImageOfPage\":{\"@id\":\"https:\\\/\\\/spawellnessmexico.com\\\/es\\\/blog-es\\\/41601\\\/una-nueva-era-para-el-bienestar-global-informa-adquiere-la-cumbre-global-del-bienestar-y-el-instituto-global-del-bienestar\\\/#primaryimage\"},\"image\":{\"@id\":\"https:\\\/\\\/spawellnessmexico.com\\\/es\\\/blog-es\\\/41601\\\/una-nueva-era-para-el-bienestar-global-informa-adquiere-la-cumbre-global-del-bienestar-y-el-instituto-global-del-bienestar\\\/#primaryimage\"},\"thumbnailUrl\":\"https:\\\/\\\/spawellnessmexico.com\\\/wp-content\\\/uploads\\\/2026\\\/09\\\/informa-acquires-GWS-GWI-1.webp\",\"datePublished\":\"2026-09-01T17:04:44+00:00\",\"breadcrumb\":{\"@id\":\"https:\\\/\\\/spawellnessmexico.com\\\/es\\\/blog-es\\\/41601\\\/una-nueva-era-para-el-bienestar-global-informa-adquiere-la-cumbre-global-del-bienestar-y-el-instituto-global-del-bienestar\\\/#breadcrumb\"},\"inLanguage\":\"es\",\"potentialAction\":[{\"@type\":\"ReadAction\",\"target\":[\"https:\\\/\\\/spawellnessmexico.com\\\/es\\\/blog-es\\\/41601\\\/una-nueva-era-para-el-bienestar-global-informa-adquiere-la-cumbre-global-del-bienestar-y-el-instituto-global-del-bienestar\\\/\"]}]},{\"@type\":\"ImageObject\",\"inLanguage\":\"es\",\"@id\":\"https:\\\/\\\/spawellnessmexico.com\\\/es\\\/blog-es\\\/41601\\\/una-nueva-era-para-el-bienestar-global-informa-adquiere-la-cumbre-global-del-bienestar-y-el-instituto-global-del-bienestar\\\/#primaryimage\",\"url\":\"https:\\\/\\\/spawellnessmexico.com\\\/wp-content\\\/uploads\\\/2026\\\/09\\\/informa-acquires-GWS-GWI-1.webp\",\"contentUrl\":\"https:\\\/\\\/spawellnessmexico.com\\\/wp-content\\\/uploads\\\/2026\\\/09\\\/informa-acquires-GWS-GWI-1.webp\",\"width\":1532,\"height\":640},{\"@type\":\"BreadcrumbList\",\"@id\":\"https:\\\/\\\/spawellnessmexico.com\\\/es\\\/blog-es\\\/41601\\\/una-nueva-era-para-el-bienestar-global-informa-adquiere-la-cumbre-global-del-bienestar-y-el-instituto-global-del-bienestar\\\/#breadcrumb\",\"itemListElement\":[{\"@type\":\"ListItem\",\"position\":1,\"name\":\"Home\",\"item\":\"https:\\\/\\\/spawellnessmexico.com\\\/es\\\/inicio-2\\\/\"},{\"@type\":\"ListItem\",\"position\":2,\"name\":\"Una nueva era para el bienestar global: Informa adquiere la Cumbre Global del Bienestar y el Instituto Global del Bienestar\"}]},{\"@type\":\"WebSite\",\"@id\":\"https:\\\/\\\/spawellnessmexico.com\\\/es\\\/#website\",\"url\":\"https:\\\/\\\/spawellnessmexico.com\\\/es\\\/\",\"name\":\"Spa &amp; Wellness MexiCaribe\",\"description\":\"The Magazine for Spa &amp; Wellness in Mexico, Caribbean &amp; Latin America\",\"publisher\":{\"@id\":\"https:\\\/\\\/spawellnessmexico.com\\\/es\\\/#organization\"},\"potentialAction\":[{\"@type\":\"SearchAction\",\"target\":{\"@type\":\"EntryPoint\",\"urlTemplate\":\"https:\\\/\\\/spawellnessmexico.com\\\/es\\\/?s={search_term_string}\"},\"query-input\":{\"@type\":\"PropertyValueSpecification\",\"valueRequired\":true,\"valueName\":\"search_term_string\"}}],\"inLanguage\":\"es\"},{\"@type\":\"Organization\",\"@id\":\"https:\\\/\\\/spawellnessmexico.com\\\/es\\\/#organization\",\"name\":\"Spa &amp; Wellness MexiCaribe\",\"url\":\"https:\\\/\\\/spawellnessmexico.com\\\/es\\\/\",\"logo\":{\"@type\":\"ImageObject\",\"inLanguage\":\"es\",\"@id\":\"https:\\\/\\\/spawellnessmexico.com\\\/es\\\/#\\\/schema\\\/logo\\\/image\\\/\",\"url\":\"https:\\\/\\\/spawellnessmexico.com\\\/wp-content\\\/uploads\\\/2021\\\/02\\\/cropped-LOGO-SWMC.png\",\"contentUrl\":\"https:\\\/\\\/spawellnessmexico.com\\\/wp-content\\\/uploads\\\/2021\\\/02\\\/cropped-LOGO-SWMC.png\",\"width\":1117,\"height\":230,\"caption\":\"Spa &amp; Wellness MexiCaribe\"},\"image\":{\"@id\":\"https:\\\/\\\/spawellnessmexico.com\\\/es\\\/#\\\/schema\\\/logo\\\/image\\\/\"}},{\"@type\":\"Person\",\"@id\":\"https:\\\/\\\/spawellnessmexico.com\\\/es\\\/#\\\/schema\\\/person\\\/46d1b27e1e82f535658ced6aa4ebae47\",\"name\":\"Fabiola\",\"image\":{\"@type\":\"ImageObject\",\"inLanguage\":\"es\",\"@id\":\"https:\\\/\\\/spawellnessmexico.com\\\/wp-content\\\/litespeed\\\/avatar\\\/9aea9838a8f24d3e63e9f38aa9599ebd.jpg?ver=1788218322&d=https:\\\/\\\/spawellnessmexico.com\\\/wp-content\\\/plugins\\\/userswp\\\/assets\\\/images\\\/no_profile.png\",\"url\":\"https:\\\/\\\/spawellnessmexico.com\\\/wp-content\\\/litespeed\\\/avatar\\\/9aea9838a8f24d3e63e9f38aa9599ebd.jpg?ver=1788218322&d=https:\\\/\\\/spawellnessmexico.com\\\/wp-content\\\/plugins\\\/userswp\\\/assets\\\/images\\\/no_profile.png\",\"contentUrl\":\"https:\\\/\\\/spawellnessmexico.com\\\/wp-content\\\/litespeed\\\/avatar\\\/9aea9838a8f24d3e63e9f38aa9599ebd.jpg?ver=1788218322&d=https:\\\/\\\/spawellnessmexico.com\\\/wp-content\\\/plugins\\\/userswp\\\/assets\\\/images\\\/no_profile.png\",\"caption\":\"Fabiola\"}}]}<\/script>\n<!-- \/ Yoast SEO plugin. -->","yoast_head_json":{"title":"Una nueva era para el bienestar global: Informa adquiere la Cumbre Global del Bienestar y el Instituto Global del Bienestar - Spa &amp; Wellness MexiCaribe","robots":{"index":"index","follow":"follow","max-snippet":"max-snippet:-1","max-image-preview":"max-image-preview:large","max-video-preview":"max-video-preview:-1"},"canonical":"https:\/\/spawellnessmexico.com\/es\/blog-es\/41601\/una-nueva-era-para-el-bienestar-global-informa-adquiere-la-cumbre-global-del-bienestar-y-el-instituto-global-del-bienestar\/","og_locale":"es_ES","og_type":"article","og_title":"Una nueva era para el bienestar global: Informa adquiere la Cumbre Global del Bienestar y el Instituto Global del Bienestar - Spa &amp; Wellness MexiCaribe","og_description":"Esta semana lleg\u00f3 una noticia de \u00faltima hora a la comunidad internacional del bienestar: la Cumbre Global del Bienestar (GWS) y el Instituto Global","og_url":"https:\/\/spawellnessmexico.com\/es\/blog-es\/41601\/una-nueva-era-para-el-bienestar-global-informa-adquiere-la-cumbre-global-del-bienestar-y-el-instituto-global-del-bienestar\/","og_site_name":"Spa &amp; Wellness MexiCaribe","article_published_time":"2026-09-01T17:04:44+00:00","og_image":[{"width":1532,"height":640,"url":"https:\/\/spawellnessmexico.com\/wp-content\/uploads\/2026\/09\/informa-acquires-GWS-GWI-1.webp","type":"image\/webp"}],"author":"Fabiola","twitter_card":"summary_large_image","twitter_misc":{"Escrito por":"Fabiola","Tiempo de lectura":"4 minutos"},"schema":{"@context":"https:\/\/schema.org","@graph":[{"@type":"Article","@id":"https:\/\/spawellnessmexico.com\/es\/blog-es\/41601\/una-nueva-era-para-el-bienestar-global-informa-adquiere-la-cumbre-global-del-bienestar-y-el-instituto-global-del-bienestar\/#article","isPartOf":{"@id":"https:\/\/spawellnessmexico.com\/es\/blog-es\/41601\/una-nueva-era-para-el-bienestar-global-informa-adquiere-la-cumbre-global-del-bienestar-y-el-instituto-global-del-bienestar\/"},"author":{"name":"Fabiola","@id":"https:\/\/spawellnessmexico.com\/es\/#\/schema\/person\/46d1b27e1e82f535658ced6aa4ebae47"},"headline":"Una nueva era para el bienestar global: Informa adquiere la Cumbre Global del Bienestar y el Instituto Global del Bienestar","datePublished":"2026-09-01T17:04:44+00:00","mainEntityOfPage":{"@id":"https:\/\/spawellnessmexico.com\/es\/blog-es\/41601\/una-nueva-era-para-el-bienestar-global-informa-adquiere-la-cumbre-global-del-bienestar-y-el-instituto-global-del-bienestar\/"},"wordCount":649,"publisher":{"@id":"https:\/\/spawellnessmexico.com\/es\/#organization"},"image":{"@id":"https:\/\/spawellnessmexico.com\/es\/blog-es\/41601\/una-nueva-era-para-el-bienestar-global-informa-adquiere-la-cumbre-global-del-bienestar-y-el-instituto-global-del-bienestar\/#primaryimage"},"thumbnailUrl":"https:\/\/spawellnessmexico.com\/wp-content\/uploads\/2026\/09\/informa-acquires-GWS-GWI-1.webp","articleSection":["Blog"],"inLanguage":"es"},{"@type":"WebPage","@id":"https:\/\/spawellnessmexico.com\/es\/blog-es\/41601\/una-nueva-era-para-el-bienestar-global-informa-adquiere-la-cumbre-global-del-bienestar-y-el-instituto-global-del-bienestar\/","url":"https:\/\/spawellnessmexico.com\/es\/blog-es\/41601\/una-nueva-era-para-el-bienestar-global-informa-adquiere-la-cumbre-global-del-bienestar-y-el-instituto-global-del-bienestar\/","name":"Una nueva era para el bienestar global: Informa adquiere la Cumbre Global del Bienestar y el Instituto Global del Bienestar - Spa &amp; Wellness MexiCaribe","isPartOf":{"@id":"https:\/\/spawellnessmexico.com\/es\/#website"},"primaryImageOfPage":{"@id":"https:\/\/spawellnessmexico.com\/es\/blog-es\/41601\/una-nueva-era-para-el-bienestar-global-informa-adquiere-la-cumbre-global-del-bienestar-y-el-instituto-global-del-bienestar\/#primaryimage"},"image":{"@id":"https:\/\/spawellnessmexico.com\/es\/blog-es\/41601\/una-nueva-era-para-el-bienestar-global-informa-adquiere-la-cumbre-global-del-bienestar-y-el-instituto-global-del-bienestar\/#primaryimage"},"thumbnailUrl":"https:\/\/spawellnessmexico.com\/wp-content\/uploads\/2026\/09\/informa-acquires-GWS-GWI-1.webp","datePublished":"2026-09-01T17:04:44+00:00","breadcrumb":{"@id":"https:\/\/spawellnessmexico.com\/es\/blog-es\/41601\/una-nueva-era-para-el-bienestar-global-informa-adquiere-la-cumbre-global-del-bienestar-y-el-instituto-global-del-bienestar\/#breadcrumb"},"inLanguage":"es","potentialAction":[{"@type":"ReadAction","target":["https:\/\/spawellnessmexico.com\/es\/blog-es\/41601\/una-nueva-era-para-el-bienestar-global-informa-adquiere-la-cumbre-global-del-bienestar-y-el-instituto-global-del-bienestar\/"]}]},{"@type":"ImageObject","inLanguage":"es","@id":"https:\/\/spawellnessmexico.com\/es\/blog-es\/41601\/una-nueva-era-para-el-bienestar-global-informa-adquiere-la-cumbre-global-del-bienestar-y-el-instituto-global-del-bienestar\/#primaryimage","url":"https:\/\/spawellnessmexico.com\/wp-content\/uploads\/2026\/09\/informa-acquires-GWS-GWI-1.webp","contentUrl":"https:\/\/spawellnessmexico.com\/wp-content\/uploads\/2026\/09\/informa-acquires-GWS-GWI-1.webp","width":1532,"height":640},{"@type":"BreadcrumbList","@id":"https:\/\/spawellnessmexico.com\/es\/blog-es\/41601\/una-nueva-era-para-el-bienestar-global-informa-adquiere-la-cumbre-global-del-bienestar-y-el-instituto-global-del-bienestar\/#breadcrumb","itemListElement":[{"@type":"ListItem","position":1,"name":"Home","item":"https:\/\/spawellnessmexico.com\/es\/inicio-2\/"},{"@type":"ListItem","position":2,"name":"Una nueva era para el bienestar global: Informa adquiere la Cumbre Global del Bienestar y el Instituto Global del Bienestar"}]},{"@type":"WebSite","@id":"https:\/\/spawellnessmexico.com\/es\/#website","url":"https:\/\/spawellnessmexico.com\/es\/","name":"Spa &amp; Wellness MexiCaribe","description":"The Magazine for Spa &amp; Wellness in Mexico, Caribbean &amp; Latin America","publisher":{"@id":"https:\/\/spawellnessmexico.com\/es\/#organization"},"potentialAction":[{"@type":"SearchAction","target":{"@type":"EntryPoint","urlTemplate":"https:\/\/spawellnessmexico.com\/es\/?s={search_term_string}"},"query-input":{"@type":"PropertyValueSpecification","valueRequired":true,"valueName":"search_term_string"}}],"inLanguage":"es"},{"@type":"Organization","@id":"https:\/\/spawellnessmexico.com\/es\/#organization","name":"Spa &amp; Wellness MexiCaribe","url":"https:\/\/spawellnessmexico.com\/es\/","logo":{"@type":"ImageObject","inLanguage":"es","@id":"https:\/\/spawellnessmexico.com\/es\/#\/schema\/logo\/image\/","url":"https:\/\/spawellnessmexico.com\/wp-content\/uploads\/2021\/02\/cropped-LOGO-SWMC.png","contentUrl":"https:\/\/spawellnessmexico.com\/wp-content\/uploads\/2021\/02\/cropped-LOGO-SWMC.png","width":1117,"height":230,"caption":"Spa &amp; Wellness MexiCaribe"},"image":{"@id":"https:\/\/spawellnessmexico.com\/es\/#\/schema\/logo\/image\/"}},{"@type":"Person","@id":"https:\/\/spawellnessmexico.com\/es\/#\/schema\/person\/46d1b27e1e82f535658ced6aa4ebae47","name":"Fabiola","image":{"@type":"ImageObject","inLanguage":"es","@id":"https:\/\/spawellnessmexico.com\/wp-content\/litespeed\/avatar\/9aea9838a8f24d3e63e9f38aa9599ebd.jpg?ver=1788218322&d=https:\/\/spawellnessmexico.com\/wp-content\/plugins\/userswp\/assets\/images\/no_profile.png","url":"https:\/\/spawellnessmexico.com\/wp-content\/litespeed\/avatar\/9aea9838a8f24d3e63e9f38aa9599ebd.jpg?ver=1788218322&d=https:\/\/spawellnessmexico.com\/wp-content\/plugins\/userswp\/assets\/images\/no_profile.png","contentUrl":"https:\/\/spawellnessmexico.com\/wp-content\/litespeed\/avatar\/9aea9838a8f24d3e63e9f38aa9599ebd.jpg?ver=1788218322&d=https:\/\/spawellnessmexico.com\/wp-content\/plugins\/userswp\/assets\/images\/no_profile.png","caption":"Fabiola"}}]}},"_links":{"self":[{"href":"https:\/\/spawellnessmexico.com\/es\/wp-json\/wp\/v2\/posts\/41601","targetHints":{"allow":["GET"]}}],"collection":[{"href":"https:\/\/spawellnessmexico.com\/es\/wp-json\/wp\/v2\/posts"}],"about":[{"href":"https:\/\/spawellnessmexico.com\/es\/wp-json\/wp\/v2\/types\/post"}],"author":[{"embeddable":true,"href":"https:\/\/spawellnessmexico.com\/es\/wp-json\/wp\/v2\/users\/5"}],"replies":[{"embeddable":true,"href":"https:\/\/spawellnessmexico.com\/es\/wp-json\/wp\/v2\/comments?post=41601"}],"version-history":[{"count":2,"href":"https:\/\/spawellnessmexico.com\/es\/wp-json\/wp\/v2\/posts\/41601\/revisions"}],"predecessor-version":[{"id":41605,"href":"https:\/\/spawellnessmexico.com\/es\/wp-json\/wp\/v2\/posts\/41601\/revisions\/41605"}],"wp:featuredmedia":[{"embeddable":true,"href":"https:\/\/spawellnessmexico.com\/es\/wp-json\/wp\/v2\/media\/41597"}],"wp:attachment":[{"href":"https:\/\/spawellnessmexico.com\/es\/wp-json\/wp\/v2\/media?parent=41601"}],"wp:term":[{"taxonomy":"category","embeddable":true,"href":"https:\/\/spawellnessmexico.com\/es\/wp-json\/wp\/v2\/categories?post=41601"},{"taxonomy":"post_tag","embeddable":true,"href":"https:\/\/spawellnessmexico.com\/es\/wp-json\/wp\/v2\/tags?post=41601"}],"curies":[{"name":"wp","href":"https:\/\/api.w.org\/{rel}","templated":true}]}}